{"id":1543,"date":"2017-06-26T17:20:53","date_gmt":"2017-06-26T22:20:53","guid":{"rendered":"http:\/\/arquideastudio.com\/?p=1543"},"modified":"2025-10-23T22:02:47","modified_gmt":"2025-10-24T03:02:47","slug":"mijaelhouse","status":"publish","type":"post","link":"http:\/\/arquideastudio.com\/es\/2017\/06\/26\/mijaelhouse\/","title":{"rendered":"Man Cave PTY"},"content":{"rendered":"<p>Esta semana inician trabajos de obra civil para este apartamento ubicado en Punta Pacifica Panam\u00e1. Les comparto aqu\u00ed el proceso de dise\u00f1o, que fue un \u00e9xito gracias a un par de colaboraciones. Por un lado, dise\u00f1o de iluminaci\u00f3n y por el otro lado, visualizaci\u00f3n en 3D de primera categor\u00eda (datos mas abajo).<\/p>\n<p><img loading=\"lazy\" decoding=\"async\" class=\"aligncenter size-full wp-image-1568\" src=\"http:\/\/arquideastudio.com\/wp-content\/uploads\/2017\/06\/cielo-e-iluminacion-01-1.jpg\" alt=\"\" width=\"3317\" height=\"2159\" \/><\/p>\n<p>La distribuci\u00f3n de la sala fue lo m\u00e1s complicado, ya que por su configuraci\u00f3n cuadrada y necesidad del cliente de tener el comedor de 8 puestos cerca de la cocina, no daba mucho espacio para ubicar la sala. La idea de la sala es que sea orientada hacia la terraza y vista, para que al momento de tener alguna junta social, estos dos espacios pudiesen interactuar. Hay una television dispuesta pero no es una sala que se oriente hacia ella, si no que esta como un elemento secundario dando prioridad a lo social.<\/p>\n<p><img loading=\"lazy\" decoding=\"async\" class=\"aligncenter size-full wp-image-1554\" src=\"http:\/\/arquideastudio.com\/wp-content\/uploads\/2017\/06\/F1-copy.jpg\" alt=\"\" width=\"3312\" height=\"2200\" \/><\/p>\n<p>El apartamento ya contaba con acabados de piso, cocina y ba\u00f1os. Por lo que el dise\u00f1o de concentra en acabados de pared, dise\u00f1o de cielos y decoraci\u00f3n del lobby de de acceso, sala, terraza y dormitorio. Es estilo que se busco en este apartamento fue a ra\u00edz de los requerimientos del cliente de tener un apartamento moderno y \u201cfr\u00edo\u201d. Se tom\u00f3 en cuenta los acabados ya existentes en el apartamento para buscar otros materiales y colores que combinaran generando armon\u00eda al ambiente.<\/p>\n<p><img loading=\"lazy\" decoding=\"async\" class=\"aligncenter size-full wp-image-1534\" src=\"http:\/\/arquideastudio.com\/wp-content\/uploads\/2017\/06\/F6.jpg\" alt=\"\" width=\"3911\" height=\"2200\" \/><\/p>\n<p>Este es un proyecto con presupuesto ajustado, por lo que antes de dise\u00f1ar (con moodboard bajo el brazo), hice un recorrido de muebler\u00edas para ver disponibilidad de muebles econ\u00f3micos que cumplieran con los requisitos deseados. Al momento de hacer los renders, ya hab\u00eda una idea de lo disponible en el mercado y se amobl\u00f3 el apartamento seg\u00fan esto.<\/p>\n<p><img loading=\"lazy\" decoding=\"async\" class=\"aligncenter size-full wp-image-1557\" src=\"http:\/\/arquideastudio.com\/wp-content\/uploads\/2017\/06\/F8-copy.jpg\" alt=\"\" width=\"3317\" height=\"2200\" \/><\/p>\n<p>En la terraza, el cliente quer\u00eda un bar cl\u00e1sico. Pero por el tama\u00f1o de la terraza, dise\u00f1e un bar tipo \u201cself serve\u201d en la esquina, con un meson largo con sillas de bar para poder ver la vista. El mueble de bar tiene estructura en hierro en combinaci\u00f3n con madera teca y m\u00e1rmol negro.<\/p>\n<p><img loading=\"lazy\" decoding=\"async\" class=\"aligncenter size-full wp-image-1564\" src=\"http:\/\/arquideastudio.com\/wp-content\/uploads\/2017\/06\/PANO_20170621_151309-copy.jpg\" alt=\"\" width=\"1216\" height=\"341\" srcset=\"http:\/\/arquideastudio.com\/wp-content\/uploads\/2017\/06\/PANO_20170621_151309-copy.jpg 1216w, http:\/\/arquideastudio.com\/wp-content\/uploads\/2017\/06\/PANO_20170621_151309-copy-600x168.jpg 600w, http:\/\/arquideastudio.com\/wp-content\/uploads\/2017\/06\/PANO_20170621_151309-copy-300x84.jpg 300w, http:\/\/arquideastudio.com\/wp-content\/uploads\/2017\/06\/PANO_20170621_151309-copy-768x215.jpg 768w, http:\/\/arquideastudio.com\/wp-content\/uploads\/2017\/06\/PANO_20170621_151309-copy-1024x287.jpg 1024w\" sizes=\"auto, (max-width: 1216px) 100vw, 1216px\" \/><\/p>\n<p>Es esta foto se aprecia la hermosa vista al oriente y al Oceano Pacifico.<\/p>\n<p><img loading=\"lazy\" decoding=\"async\" class=\"aligncenter size-full wp-image-1546\" src=\"http:\/\/arquideastudio.com\/wp-content\/uploads\/2017\/06\/MG_MOODBOARDS2.jpg\" alt=\"\" width=\"2100\" height=\"1275\" srcset=\"http:\/\/arquideastudio.com\/wp-content\/uploads\/2017\/06\/MG_MOODBOARDS2.jpg 2100w, http:\/\/arquideastudio.com\/wp-content\/uploads\/2017\/06\/MG_MOODBOARDS2-600x364.jpg 600w, http:\/\/arquideastudio.com\/wp-content\/uploads\/2017\/06\/MG_MOODBOARDS2-300x182.jpg 300w, http:\/\/arquideastudio.com\/wp-content\/uploads\/2017\/06\/MG_MOODBOARDS2-768x466.jpg 768w, http:\/\/arquideastudio.com\/wp-content\/uploads\/2017\/06\/MG_MOODBOARDS2-1024x622.jpg 1024w, http:\/\/arquideastudio.com\/wp-content\/uploads\/2017\/06\/MG_MOODBOARDS2-1680x1020.jpg 1680w\" sizes=\"auto, (max-width: 2100px) 100vw, 2100px\" \/>El cuarto sigue con el mismo estilo de la sala, solo que usando azul como color de acento. El ambiente tiene una cama tama\u00f1o King con sus mesitas y una consola de TV frente a ella. Tambi\u00e9n tiene un escritorio y un espejo de cuerpo entero recostado en la esquina.<\/p>\n<p><img loading=\"lazy\" decoding=\"async\" class=\"aligncenter size-full wp-image-1537\" src=\"http:\/\/arquideastudio.com\/wp-content\/uploads\/2017\/06\/F9.jpg\" alt=\"\" width=\"3911\" height=\"2200\" \/><\/p>\n<p><img loading=\"lazy\" decoding=\"async\" class=\"aligncenter size-full wp-image-1558\" src=\"http:\/\/arquideastudio.com\/wp-content\/uploads\/2017\/06\/F11-copy.jpg\" alt=\"\" width=\"3314\" height=\"2200\" \/><\/p>\n<p>Los renders de este proyecto fueron hechos por mi amigo, <a href=\"https:\/\/www.behance.net\/VolodymyrSlenzak\" target=\"_blank\" rel=\"noopener\">Volodymyr Slenzak<\/a>. Si necesitan renders de alta calidad como estos, me pueden contactar directamente para ponerlos en contacto.<\/p>","protected":false},"excerpt":{"rendered":"<p>Esta semana comienzan las obras de construcci\u00f3n de este departamento ubicado en Punta Pac\u00edfica, Panam\u00e1. Les comparto aqu\u00ed el proceso de dise\u00f1o, que fue todo un \u00e9xito gracias a un par de colaboraciones. Por un lado, el dise\u00f1o de iluminaci\u00f3n y, por otro, una visualizaci\u00f3n en 3D de primera categor\u00eda (datos m\u00e1s abajo). La distribuci\u00f3n de la sala fue lo m\u00e1s complicado, ya que, debido a su configuraci\u00f3n cuadrada y a la necesidad del cliente de tener el comedor de 8 lugares cerca de la cocina, no quedaba mucho espacio para ubicar la sala. La idea de la sala es que est\u00e9 orientada hacia la terraza y la vista, para que, al momento de tener alguna reuni\u00f3n social, estos dos espacios puedan interactuar. Hay un televisor instalado, pero no es una sala que se centre en \u00e9l, sino que este funciona como un elemento secundario, dando prioridad a la interacci\u00f3n social. El departamento ya contaba con acabados en pisos, cocina y ba\u00f1os. Por lo tanto, el dise\u00f1o se concentr\u00f3 en los acabados de las paredes, el dise\u00f1o de los techos y la decoraci\u00f3n del vest\u00edbulo de entrada, la sala, la terraza y el dormitorio. El estilo que se busc\u00f3 en este departamento surgi\u00f3 a partir de los requisitos del cliente de tener un departamento moderno y \u201cfr\u00edo\u201d. Se tomaron en cuenta los acabados ya existentes en el departamento para buscar otros materiales y colores que combinaran, generando armon\u00eda en el ambiente. Este es un proyecto con un presupuesto ajustado, por lo que antes de dise\u00f1ar (con un moodboard en mano), hice un recorrido por tiendas de muebles para ver la disponibilidad de muebles econ\u00f3micos que cumplieran con los requisitos deseados. Al momento de hacer los renders, ya ten\u00eda una idea de lo que hab\u00eda disponible en el mercado y amuebl\u00e9 el departamento en funci\u00f3n de eso. En la terraza, el cliente quer\u00eda un bar cl\u00e1sico. Pero debido al tama\u00f1o de la terraza, dise\u00f1\u00e9 una barra tipo \u201cautoservicio\u201d en la esquina, con una mesa larga y sillas de bar para poder disfrutar de la vista. El mueble de bar tiene una estructura de hierro combinada con madera de teca y m\u00e1rmol negro. En esta foto se aprecia la hermosa vista hacia el este y al Oc\u00e9ano Pac\u00edfico. La habitaci\u00f3n sigue el mismo estilo de la sala, solo que utilizando el azul como color de acento. El ambiente cuenta con una cama tama\u00f1o king con sus mesitas de noche y una consola de TV frente a ella. Tambi\u00e9n tiene un escritorio y un espejo de cuerpo entero apoyado en la\u2026<\/p>","protected":false},"author":3,"featured_media":1648,"comment_status":"open","ping_status":"open","sticky":false,"template":"","format":"standard","meta":{"jetpack_post_was_ever_published":false,"_jetpack_newsletter_access":"","_jetpack_dont_email_post_to_subs":false,"_jetpack_newsletter_tier_id":0,"_jetpack_memberships_contains_paywalled_content":false,"_jetpack_memberships_contains_paid_content":false,"footnotes":"","jetpack_publicize_message":"","jetpack_publicize_feature_enabled":true,"jetpack_social_post_already_shared":true,"jetpack_social_options":{"image_generator_settings":{"template":"highway","default_image_id":0,"font":"","enabled":false},"version":2}},"categories":[27],"tags":[35,33,34,32,37,36],"class_list":["post-1543","post","type-post","status-publish","format-standard","has-post-thumbnail","category-residential","tag-decoracion-panama","tag-diseno-de-interior-panama","tag-diseno-de-interiores-pty","tag-interiorismo-panama","tag-renders-panama","tag-visualizacion-3d-panama","entry"],"jetpack_publicize_connections":[],"jetpack_featured_media_url":"http:\/\/arquideastudio.com\/wp-content\/uploads\/2017\/06\/mijael-moodboard-modificado.jpg","jetpack_sharing_enabled":true,"jetpack_shortlink":"https:\/\/wp.me\/p8yfPX-oT","jetpack_likes_enabled":true,"_links":{"self":[{"href":"http:\/\/arquideastudio.com\/es\/wp-json\/wp\/v2\/posts\/1543","targetHints":{"allow":["GET"]}}],"collection":[{"href":"http:\/\/arquideastudio.com\/es\/wp-json\/wp\/v2\/posts"}],"about":[{"href":"http:\/\/arquideastudio.com\/es\/wp-json\/wp\/v2\/types\/post"}],"author":[{"embeddable":true,"href":"http:\/\/arquideastudio.com\/es\/wp-json\/wp\/v2\/users\/3"}],"replies":[{"embeddable":true,"href":"http:\/\/arquideastudio.com\/es\/wp-json\/wp\/v2\/comments?post=1543"}],"version-history":[{"count":8,"href":"http:\/\/arquideastudio.com\/es\/wp-json\/wp\/v2\/posts\/1543\/revisions"}],"predecessor-version":[{"id":4344,"href":"http:\/\/arquideastudio.com\/es\/wp-json\/wp\/v2\/posts\/1543\/revisions\/4344"}],"wp:featuredmedia":[{"embeddable":true,"href":"http:\/\/arquideastudio.com\/es\/wp-json\/wp\/v2\/media\/1648"}],"wp:attachment":[{"href":"http:\/\/arquideastudio.com\/es\/wp-json\/wp\/v2\/media?parent=1543"}],"wp:term":[{"taxonomy":"category","embeddable":true,"href":"http:\/\/arquideastudio.com\/es\/wp-json\/wp\/v2\/categories?post=1543"},{"taxonomy":"post_tag","embeddable":true,"href":"http:\/\/arquideastudio.com\/es\/wp-json\/wp\/v2\/tags?post=1543"}],"curies":[{"name":"wp","href":"https:\/\/api.w.org\/{rel}","templated":true}]}}